{"id":2416,"date":"2024-03-01T16:18:53","date_gmt":"2024-03-01T16:18:53","guid":{"rendered":"https:\/\/zentrumbcn.com\/?p=2416"},"modified":"2024-03-01T16:31:51","modified_gmt":"2024-03-01T16:31:51","slug":"com-aprofitar-espais-petits","status":"publish","type":"post","link":"https:\/\/zentrumbcn.com\/ca\/com-aprofitar-espais-petits\/","title":{"rendered":"Com aprofitar espais petits"},"content":{"rendered":"<p>[vc_row css_animation=&#8221;&#8221; row_type=&#8221;row&#8221; use_row_as_full_screen_section=&#8221;no&#8221; type=&#8221;full_width&#8221; angled_section=&#8221;no&#8221; text_align=&#8221;left&#8221; background_image_as_pattern=&#8221;without_pattern&#8221;][vc_column][vc_column_text]<\/p>\n<h2>La import\u00e0ncia d&#8217;aprofitar els espais petits<\/h2>\n<p>[\/vc_column_text][vc_empty_space][vc_column_text]<\/p>\n<p style=\"text-align: justify;\">En el m\u00f3n din\u00e0mic d&#8217;avui dia, en qu\u00e8 els espais urbans esdevenen cada cop m\u00e9s compactes, aprendre a aprofitar espais petits s&#8217;ha convertit en una habilitat essencial. Aquesta pr\u00e0ctica no nom\u00e9s optimitza l\u00fas de cada metre quadrat disponible, sin\u00f3 que tamb\u00e9 millora significativament la nostra qualitat de vida. En transformar \u00e0rees limitades en ambients funcionals i est\u00e8ticament agradables, podem crear llars que satisfacin les nostres necessitats pr\u00e0ctiques i serveixin com a refugis personals que reflecteixen les nostres identitats i estils de vida.<\/p>\n<p style=\"text-align: justify;\">Zentrum, amb la seva profunda experi\u00e8ncia en el disseny d&#8217;interiors i el seu enfocament innovador en la creaci\u00f3 de mobles de disseny, destaca com a l\u00edder en la conceptualitzaci\u00f3 i l&#8217;execuci\u00f3 de projectes que maximitzen el potencial d&#8217;espais redu\u00efts. A trav\u00e9s de solucions creatives i personalitzades, Zentrum aborda els desafiaments \u00fanics de cada espai alhora que infon bellesa i funcionalitat, demostrant que fins i tot els espais m\u00e9s petits es poden transformar en llocs d&#8217;inspiraci\u00f3 i confort.<\/p>\n<p>[\/vc_column_text][vc_empty_space][vc_separator type=&#8221;normal&#8221;][vc_empty_space][\/vc_column][\/vc_row][vc_row css_animation=&#8221;&#8221; row_type=&#8221;row&#8221; use_row_as_full_screen_section=&#8221;no&#8221; type=&#8221;full_width&#8221; angled_section=&#8221;no&#8221; text_align=&#8221;left&#8221; background_image_as_pattern=&#8221;without_pattern&#8221;][vc_column width=&#8221;1\/2&#8243;][vc_single_image image=&#8221;2391&#8243; img_size=&#8221;600&#215;1120&#8243; qode_css_animation=&#8221;element_from_left&#8221;][vc_empty_space][\/vc_column][vc_column width=&#8221;1\/2&#8243;][vc_column_text]<\/p>\n<h2>Mobles multifuncionals: m\u00e0xims aliats per aprofitar espais petits<\/h2>\n<p>[\/vc_column_text][vc_empty_space][vc_column_text]<\/p>\n<p style=\"text-align: justify;\">Els mobles multifuncionals s\u00f3n veritables campions quan es tracta d\u00b4aprofitar espais petits. Aquests enginyosos dissenys, que combinen diverses funcions en una sola pe\u00e7a, s\u00f3n essencials per viure c\u00f2modament en \u00e0rees de mida limitada. En seleccionar mobles que compleixen amb m\u00faltiples prop\u00f2sits estalvies espai valu\u00f3s, i alhora mantens la funcionalitat i l&#8217;estil de casa teva. Aqu\u00ed us presentem alguns exemples pr\u00e0ctics que il\u00b7lustren la seva import\u00e0ncia:<\/p>\n<ul style=\"text-align: justify;\">\n<li><strong>Sof\u00e0s llit<\/strong>: Ideals per a sales d&#8217;estar o estudis, els sof\u00e0s llit ofereixen un lloc c\u00f2mode per seure durant el dia i es transformen en un llit per a la nit. S\u00f3n perfectes per a apartaments tipus estudi o per tenir un llit addicional quan rebeu visites.<\/li>\n<li><strong>Taules extensibles<\/strong>: Una taula petita pot ser perfecta per als \u00e0pats quotidians, per\u00f2 qu\u00e8 passa quan tens convidats? Una taula extensible pot acomodar f\u00e0cilment m\u00e9s persones i despr\u00e9s tornar a la seva mida compacte per a l&#8217;\u00fas diari.<\/li>\n<li><strong>Llits amb emmagatzematge integrat<\/strong>: Els llits amb calaixos incorporats a sota ofereixen un espai d&#8217;emmagatzematge ocult per a roba de llit, roba fora de temporada, i m\u00e9s, eliminant la necessitat d&#8217;un armari addicional que ocupi m\u00e9s espai.<\/li>\n<li><strong>Escriptoris plegables<\/strong>: A l&#8217;era de la feina des de casa, un escriptori \u00e9s gaireb\u00e9 imprescindible. Un escriptori plegable es pot muntar a la paret i desplegar-se quan sigui necessari, proporcionant una estaci\u00f3 de treball temporal que no interfereix amb lespai vital quan no est\u00e0 en \u00fas.<\/li>\n<li><strong>Prestatgeries i unitats d&#8217;emmagatzematge modulars<\/strong>: Permeten una personalitzaci\u00f3 completa per adaptar-se a qualsevol espai, proporcionant emmagatzematge vertical sense ocupar massa \u00e0rea de pis. A m\u00e9s, es poden reconfigurar segons les necessitats canviants.<\/li>\n<\/ul>\n<p style=\"text-align: justify;\">Ja saps com aprofitar espais petits eficientment incorporant mobles multifuncionals a casa teva. Optimitzen l&#8217;espai disponible, per\u00f2 tamb\u00e9 ofereixen la flexibilitat d&#8217;adaptar-se a diferents situacions i necessitats, cosa que els converteix en aliats insubstitu\u00efbles a la recerca d&#8217;una llar funcional i estilitzada.<\/p>\n<p>[\/vc_column_text][vc_empty_space][vc_separator type=&#8221;normal&#8221;][vc_empty_space][\/vc_column][\/vc_row][vc_row css_animation=&#8221;&#8221; row_type=&#8221;row&#8221; use_row_as_full_screen_section=&#8221;no&#8221; type=&#8221;full_width&#8221; angled_section=&#8221;no&#8221; text_align=&#8221;left&#8221; background_image_as_pattern=&#8221;without_pattern&#8221;][vc_column width=&#8221;1\/2&#8243;][vc_column_text]<\/p>\n<h2>Com es poden aprofitar espais redu\u00efts amb solucions d&#8217;emmagatzematge innovadores?<\/h2>\n<p>[\/vc_column_text][vc_empty_space][vc_column_text]<\/p>\n<p style=\"text-align: justify;\">Trobar solucions demmagatzematge innovadores \u00e9s fonamental per mantenir lordre i la funcionalitat en llars amb espais redu\u00efts. Aprofitar al m\u00e0xim cada cent\u00edmetre disponible pot transformar una \u00e0rea petita en un espai altament organitzat i est\u00e8ticament agradable. Aqu\u00ed t&#8217;oferim algunes idees creatives i eficients que et poden ajudar a maximitzar el teu espai:<\/p>\n<ul style=\"text-align: justify;\">\n<li><strong>Emmagatzematge vertical<\/strong>: Utilitza les parets per emmagatzemar i organitzar. Prestatges flotants, ganxos i barres poden transformar parets buides en emmagatzematge \u00fatil sense ocupar espai al pis. Des de llibres fins a bicicletes, l&#8217;emmagatzematge vertical pot suportar una varietat d&#8217;objectes.<\/li>\n<li><strong>A sota del llit i mobles amb espai a sota<\/strong>: L&#8217;espai a sota del llit i altres mobles pot ser un lloc ideal per emmagatzemar articles que no es fan servir amb freq\u00fc\u00e8ncia. Caixes d&#8217;emmagatzematge, calaixos amb rodes o contenidors dissenyats espec\u00edficament per a aquests espais poden mantenir el desordre fora de la vista.<\/li>\n<li><strong>Organitzadors de portes i parets<\/strong>: Les portes i parets interiors d&#8217;armaris es poden convertir en \u00e0rees d&#8217;emmagatzematge addicionals amb l&#8217;ajuda d&#8217;organitzadors penjants. S\u00f3n perfectes per a sabates, accessoris, eines de neteja i altres articles petits.<\/li>\n<li><strong>Mobles amb emmagatzematge ocult<\/strong>: A m\u00e9s dels mobles multifuncionals esmentats anteriorment, cerca peces que ofereixin emmagatzematge ocult. Otomanes amb emmagatzematge interior, taules de centre amb calaixos i bancs amb espai demmagatzematge s\u00f3n exemples excel\u00b7lents.<\/li>\n<li><strong>Solucions a mida<\/strong>: Per aprofitar espais petits al m\u00e0xim, considereu solucions d&#8217;emmagatzematge a mida. Aquestes poden dissenyar-se per adaptar-se perfectament a les teves necessitats ia l&#8217;espai disponible, aprofitant racons i racons d&#8217;una altra manera inutilitzables.<\/li>\n<li><strong>Separadors de calaixos i organitzadors interns<\/strong>: Mantingues calaixos i armaris meticulosament organitzats amb separadors i caixes organitzadores. Aquesta estrat\u00e8gia no nom\u00e9s augmenta la capacitat demmagatzematge, sin\u00f3 que tamb\u00e9 facilita trobar el que necessites.<\/li>\n<\/ul>\n<p style=\"text-align: justify;\">Implementar aquestes solucions d&#8217;emmagatzematge innovadores us ajudar\u00e0 a aprofitar espais petits de manera efectiva i crear\u00e0 un ambient m\u00e9s organitzat i acollidor. La clau \u00e9s ser creatiu i buscar sempre maneres d&#8217;optimitzar cada \u00e0rea de casa teva.<\/p>\n<p>[\/vc_column_text][vc_empty_space][vc_separator type=&#8221;normal&#8221;][vc_empty_space][\/vc_column][vc_column width=&#8221;1\/2&#8243;][vc_single_image image=&#8221;2397&#8243; img_size=&#8221;600&#215;1300&#8243; qode_css_animation=&#8221;element_from_right&#8221;][vc_empty_space][\/vc_column][\/vc_row][vc_row css_animation=&#8221;&#8221; row_type=&#8221;row&#8221; use_row_as_full_screen_section=&#8221;no&#8221; type=&#8221;full_width&#8221; angled_section=&#8221;no&#8221; text_align=&#8221;left&#8221; background_image_as_pattern=&#8221;without_pattern&#8221;][vc_column width=&#8221;1\/2&#8243;][vc_single_image image=&#8221;2403&#8243; img_size=&#8221;600&#215;1030&#8243; qode_css_animation=&#8221;element_from_left&#8221;][vc_empty_space][\/vc_column][vc_column width=&#8221;1\/2&#8243;][vc_column_text]<\/p>\n<h2>Com aprofitar espais petits optimitzant la llum i el color?<\/h2>\n<p>[\/vc_column_text][vc_empty_space][vc_column_text]<\/p>\n<p style=\"text-align: justify;\">Optimitzar la llum i el color \u00e9s fonamental per fer que els espais petits se sentin m\u00e9s amplis i acollidors, ia m\u00e9s millorin el benestar dels qui els habiten. Lelecci\u00f3 curosa de la paleta de colors i lestrat\u00e8gia dil\u00b7luminaci\u00f3 poden transformar dram\u00e0ticament la percepci\u00f3 de lespai. Aqu\u00ed us oferim alguns consells per aconseguir-ho:<\/p>\n<ul style=\"text-align: justify;\">\n<li><strong>Opta per colors clars i neutres<\/strong>: Els tons clars i neutres a parets, sostres i terres reflecteixen la llum, fent que l&#8217;espai se senti m\u00e9s obert i airejat. Colors com el blanc, beix, i els grisos clars s\u00f3n excel\u00b7lents opcions per ampliar visualment l\u00e0rea.<\/li>\n<li><strong>Aprofita la llum natural<\/strong>: Maximitzeu l&#8217;entrada de llum natural assegurant-vos que les finestres no estiguin obstru\u00efdes per mobles alts o cortines pesades. Utilitza tractaments de finestres lleugers i transl\u00facids que permetin passar la llum mentre ofereixen privadesa.<\/li>\n<li><strong>Utilitza miralls estrat\u00e8gicament<\/strong>: Col\u00b7locar miralls davant de les fonts de llum natural pot duplicar la llum a l&#8217;habitaci\u00f3 i fer que l&#8217;espai sembli m\u00e9s gran. Els miralls tamb\u00e9 afegeixen profunditat visual a l&#8217;habitaci\u00f3 en reflectir vistes i colors.<\/li>\n<li><strong>Tria il\u00b7luminaci\u00f3 en capes<\/strong>: Combina diversos tipus d&#8217;il\u00b7luminaci\u00f3 (ambiental, de tasca i accent) per crear un ambient equilibrat i acollidor. Les l\u00e0mpades de peu i de taula poden afegir il\u00b7luminaci\u00f3 on m\u00e9s es necessita sense ocupar gaire espai.<\/li>\n<li><strong>Incorpora color a trav\u00e9s d&#8217;accessoris<\/strong>: Si prefereixes parets i mobles en tons neutres, considera afegir tocs de color vibrant amb accessoris com coixins, obres d&#8217;art i catifes. Aix\u00f2 no nom\u00e9s afegeix inter\u00e8s visual, sin\u00f3 que tamb\u00e9 permet personalitzar l&#8217;espai sense aclaparar-lo.<\/li>\n<\/ul>\n<p style=\"text-align: justify;\">Aplicant aquests consells, podeu aprofitar espais petits fent-los sentir m\u00e9s amplis, lluminosos i acollidors. La gesti\u00f3 correcta de la llum i el color millora l&#8217;est\u00e8tica de l&#8217;espai i tamb\u00e9 influeix positivament en l&#8217;\u00e0nim i la percepci\u00f3 de la mida de l&#8217;entorn.<\/p>\n<p>[\/vc_column_text][vc_empty_space][vc_separator type=&#8221;normal&#8221;][vc_empty_space][\/vc_column][\/vc_row][vc_row css_animation=&#8221;&#8221; row_type=&#8221;row&#8221; use_row_as_full_screen_section=&#8221;no&#8221; type=&#8221;full_width&#8221; angled_section=&#8221;no&#8221; text_align=&#8221;left&#8221; background_image_as_pattern=&#8221;without_pattern&#8221;][vc_column][vc_column_text]<\/p>\n<h2>Divisi\u00f3 intel\u00b7ligent de l&#8217;espai: crear \u00e0rees funcionals en espais redu\u00efts<\/h2>\n<p>[\/vc_column_text][vc_empty_space][vc_column_text]<\/p>\n<p style=\"text-align: justify;\">La divisi\u00f3 intel\u00b7ligent de l&#8217;espai \u00e9s una estrat\u00e8gia crucial per aprofitar espais petits, permetent que cada \u00e0rea compleixi una o m\u00e9s funcions de manera eficient. Aqu\u00ed algunes t\u00e8cniques per aconseguir-ho:<\/p>\n<ul style=\"text-align: justify;\">\n<li><strong>Utilitzar mobles com a divisors<\/strong>: prestatges oberts, panells lliscants o fins i tot sof\u00e0s poden servir com a divisors d&#8217;espai, creant \u00e0rees definides sense bloquejar la llum o la visi\u00f3, mantenint aix\u00ed una sensaci\u00f3 d&#8217;amplitud.<\/li>\n<li><strong>Zonificaci\u00f3 a trav\u00e9s de la decoraci\u00f3<\/strong>: Diferents colors, textures o il\u00b7luminaci\u00f3 poden ajudar a distingir entre \u00e0rees de treball, descans o menjador dins un mateix espai, sense necessitat de parets.<\/li>\n<li><strong>Solucions verticals<\/strong>: Aprofitar l&#8217;al\u00e7ada de les parets per a emmagatzematge o decoraci\u00f3 pot alliberar espai a terra, permetent una millor circulaci\u00f3 i \u00e0rees m\u00e9s definides.<\/li>\n<li><strong>Espais multifuncionals<\/strong>: Dissenya \u00e0rees que es puguin transformar segons les necessitats, com una taula plegable que serveixi tant de menjador com d&#8217;estaci\u00f3 de treball.<\/li>\n<\/ul>\n<p style=\"text-align: justify;\">Implementar aquestes estrat\u00e8gies maximitza la utilitat de cada metre quadrat per\u00f2 tamb\u00e9 promou un ambient de vida ordenat i est\u00e8ticament agradable. A Zentrum creiem que un espai ben planificat \u00e9s clau per a una vida di\u00e0ria m\u00e9s harmoniosa i productiva.<\/p>\n<p>[\/vc_column_text][vc_empty_space][vc_separator type=&#8221;normal&#8221;][vc_empty_space][\/vc_column][\/vc_row][vc_row css_animation=&#8221;&#8221; row_type=&#8221;row&#8221; use_row_as_full_screen_section=&#8221;no&#8221; type=&#8221;full_width&#8221; angled_section=&#8221;no&#8221; text_align=&#8221;left&#8221; background_image_as_pattern=&#8221;without_pattern&#8221;][vc_column width=&#8221;3\/5&#8243;][vc_column_text]<\/p>\n<h2>Com aprofitar espais petits al m\u00e0xim integrant la tecnologia?<\/h2>\n<p>[\/vc_column_text][vc_empty_space][vc_column_text]<\/p>\n<p style=\"text-align: justify;\">La tecnologia pot ser una aliada invaluable per aprofitar espais petits, fent-los m\u00e9s funcionals i c\u00f2modes:<\/p>\n<ul style=\"text-align: justify;\">\n<li><strong>Electrodom\u00e8stics compactes i intel\u00b7ligents<\/strong>: Al mercat hi ha opcions d&#8217;electrodom\u00e8stics dissenyats per a espais redu\u00efts que, a m\u00e9s, poden ser controlats a dist\u00e0ncia, optimitzant l&#8217;\u00fas de l&#8217;espai i el temps.<\/li>\n<li><strong>Solucions d&#8217;emmagatzematge digital<\/strong>: Redueix la necessitat d&#8217;emmagatzematge f\u00edsic mitjan\u00e7ant la digitalitzaci\u00f3 de documents i l&#8217;\u00fas de serveis al n\u00favol per a fitxers i entreteniment.<\/li>\n<li><strong>Automatitzaci\u00f3 de la llar<\/strong>: Els sistemes de dom\u00f2tica permeten controlar il\u00b7luminaci\u00f3, temperatura i dispositius multim\u00e8dia, creant ambients personalitzats sense ocupar espai addicional.<\/li>\n<\/ul>\n<p style=\"text-align: justify;\">La incorporaci\u00f3 d&#8217;aquestes tecnologies transforma espais limitats en llars intel\u00b7ligents i eficients, demostrant que la mida no limita la qualitat de vida. A Zentrum, aprofitem el poder de la innovaci\u00f3 tecnol\u00f2gica per dissenyar espais que responen a les necessitats del segle XXI, brindant solucions que enriqueixen la vida dels nostres clients.<\/p>\n<p>[\/vc_column_text][vc_empty_space][vc_separator type=&#8221;normal&#8221;][vc_empty_space][\/vc_column][vc_column width=&#8221;2\/5&#8243;][vc_single_image image=&#8221;2407&#8243; img_size=&#8221;400&#215;555&#8243; qode_css_animation=&#8221;element_from_right&#8221;][vc_empty_space][\/vc_column][\/vc_row][vc_row css_animation=&#8221;&#8221; row_type=&#8221;row&#8221; use_row_as_full_screen_section=&#8221;no&#8221; type=&#8221;full_width&#8221; angled_section=&#8221;no&#8221; text_align=&#8221;left&#8221; background_image_as_pattern=&#8221;without_pattern&#8221;][vc_column][vc_column_text]<\/p>\n<h2>L&#8217;art d&#8217;aprofitar espais petits amb Zentrum<\/h2>\n<p>[\/vc_column_text][vc_empty_space][vc_column_text]<\/p>\n<p style=\"text-align: justify;\">Transformar espais petits en \u00e0rees funcionals i est\u00e8ticament agradables \u00e9s un art que Zentrum domina a la perfecci\u00f3. A trav\u00e9s de mobles de disseny multifuncionals, solucions d&#8217;emmagatzematge innovadores i una acurada selecci\u00f3 de colors i materials, Zentrum ajuda els seus clients a maximitzar cada cent\u00edmetre de casa seva.<\/p>\n<p style=\"text-align: justify;\">En aquest article, hem explicat com aprofitar espais petits, des de l&#8217;optimitzaci\u00f3 de la llum i el color fins a la divisi\u00f3 intel\u00b7ligent de l&#8217;espai i la integraci\u00f3 de la tecnologia. Zentrum s&#8217;especialitza a interpretar aquestes tend\u00e8ncies i aplicar-les de manera que cada espai, sense importar-ne la mida, pugui ser un refugi personal ple de funcionalitat, confort i bellesa.<\/p>\n<p style=\"text-align: justify;\">Amb l&#8217;experi\u00e8ncia i la creativitat de Zentrum, aprofitar al m\u00e0xim els espais redu\u00efts es converteix en una oportunitat per reinventar la teva llar, fent-ho m\u00e9s acollidor, eficient i adaptat a les teves necessitats i estil de vida.<\/p>\n<p>[\/vc_column_text][vc_empty_space][vc_empty_space][\/vc_column][\/vc_row][vc_column width=&#8221;1\/2&#8243;][\/vc_column]<\/p>\n","protected":false},"excerpt":{"rendered":"<p>[vc_row css_animation=&#8221;&#8221; row_type=&#8221;row&#8221; use_row_as_full_screen_section=&#8221;no&#8221; type=&#8221;full_width&#8221; angled_section=&#8221;no&#8221; text_align=&#8221;left&#8221; background_image_as_pattern=&#8221;without_pattern&#8221;][vc_column][vc_column_text] La import\u00e0ncia d&#8217;aprofitar els espais petits [\/vc_column_text][vc_empty_space][vc_column_text] En el m\u00f3n din\u00e0mic d&#8217;avui dia, en qu\u00e8 els espais urbans esdevenen cada cop m\u00e9s compactes, aprendre a aprofitar espais petits s&#8217;ha convertit en una habilitat essencial. Aquesta pr\u00e0ctica no&#8230;<\/p>\n","protected":false},"author":1,"featured_media":6862,"comment_status":"closed","ping_status":"open","sticky":false,"template":"","format":"standard","meta":{"footnotes":""},"categories":[9],"tags":[],"_links":{"self":[{"href":"https:\/\/zentrumbcn.com\/ca\/wp-json\/wp\/v2\/posts\/2416"}],"collection":[{"href":"https:\/\/zentrumbcn.com\/ca\/wp-json\/wp\/v2\/posts"}],"about":[{"href":"https:\/\/zentrumbcn.com\/ca\/wp-json\/wp\/v2\/types\/post"}],"author":[{"embeddable":true,"href":"https:\/\/zentrumbcn.com\/ca\/wp-json\/wp\/v2\/users\/1"}],"replies":[{"embeddable":true,"href":"https:\/\/zentrumbcn.com\/ca\/wp-json\/wp\/v2\/comments?post=2416"}],"version-history":[{"count":12,"href":"https:\/\/zentrumbcn.com\/ca\/wp-json\/wp\/v2\/posts\/2416\/revisions"}],"predecessor-version":[{"id":2428,"href":"https:\/\/zentrumbcn.com\/ca\/wp-json\/wp\/v2\/posts\/2416\/revisions\/2428"}],"wp:featuredmedia":[{"embeddable":true,"href":"https:\/\/zentrumbcn.com\/ca\/wp-json\/wp\/v2\/media\/6862"}],"wp:attachment":[{"href":"https:\/\/zentrumbcn.com\/ca\/wp-json\/wp\/v2\/media?parent=2416"}],"wp:term":[{"taxonomy":"category","embeddable":true,"href":"https:\/\/zentrumbcn.com\/ca\/wp-json\/wp\/v2\/categories?post=2416"},{"taxonomy":"post_tag","embeddable":true,"href":"https:\/\/zentrumbcn.com\/ca\/wp-json\/wp\/v2\/tags?post=2416"}],"curies":[{"name":"wp","href":"https:\/\/api.w.org\/{rel}","templated":true}]}}