{"id":3408,"date":"2024-07-08T13:54:23","date_gmt":"2024-07-08T13:54:23","guid":{"rendered":"https:\/\/zentrumbcn.com\/?p=3408"},"modified":"2024-07-08T13:57:40","modified_gmt":"2024-07-08T13:57:40","slug":"com-decorar-terrasses-petites","status":"publish","type":"post","link":"https:\/\/zentrumbcn.com\/ca\/com-decorar-terrasses-petites\/","title":{"rendered":"Com decorar terrasses petites?"},"content":{"rendered":"<p>[vc_row css_animation=&#8221;&#8221; row_type=&#8221;row&#8221; use_row_as_full_screen_section=&#8221;no&#8221; type=&#8221;full_width&#8221; angled_section=&#8221;no&#8221; text_align=&#8221;left&#8221; background_image_as_pattern=&#8221;without_pattern&#8221;][vc_column][vc_empty_space][vc_column_text]<\/p>\n<h1>Saps com decorar terrasses petites?<\/h1>\n<p>[\/vc_column_text][vc_empty_space][vc_column_text]<\/p>\n<p style=\"text-align: justify;\">Maximitzar els espais exteriors petits \u00e9s crucial per crear \u00e0rees funcionals i acollidores a casa nostra. Saber com decorar petites terrasses, a m\u00e9s de millorar l&#8217;est\u00e8tica, incrementa la funcionalitat de l&#8217;espai, permetent gaudir d&#8217;un lloc per relaxar-te, socialitzar o fins i tot treballar a l&#8217;aire lliure. Cada cent\u00edmetre compta, i la clau \u00e9s aprofitar al m\u00e0xim l&#8217;espai disponible.<\/p>\n<p style=\"text-align: justify;\">A Zentrum, comptem amb una \u00e0mplia experi\u00e8ncia en disseny i decoraci\u00f3 d&#8217;interiors, cosa que ens permet oferir solucions personalitzades i efectives per a cada projecte. La nostra missi\u00f3 \u00e9s ajudar-te a transformar la teva petita terrassa en un oasi urb\u00e0, combinant funcionalitat i estil perqu\u00e8 gaudeixis d&#8217;un espai exterior \u00fanic i ben aprofitat. En aquest bloc, us compartirem els millors consells sobre com decorar terrasses petites de manera \u00f2ptima i creativa.<\/p>\n<p>[\/vc_column_text][vc_empty_space][vc_separator type=&#8221;normal&#8221;][vc_empty_space][\/vc_column][\/vc_row][vc_row css_animation=&#8221;&#8221; row_type=&#8221;row&#8221; use_row_as_full_screen_section=&#8221;no&#8221; type=&#8221;full_width&#8221; angled_section=&#8221;no&#8221; text_align=&#8221;left&#8221; background_image_as_pattern=&#8221;without_pattern&#8221;][vc_column width=&#8221;1\/2&#8243;][vc_column_text]<\/p>\n<h2>Consells essencials sobre com decorar terrasses petites<\/h2>\n<p>[\/vc_column_text][vc_empty_space][vc_column_text]<\/p>\n<p style=\"text-align: justify;\">Saber com decorar petites terrasses implica fer eleccions intel\u00b7ligents i pr\u00e0ctiques que optimitzin l&#8217;\u00fas de l&#8217;espai. Aqu\u00ed tens alguns consells essencials:<\/p>\n<p style=\"text-align: justify;\"><strong>1) Selecci\u00f3 de mobiliari funcional i compacte<\/strong>: opta per mobles plegables o apilables que puguis guardar f\u00e0cilment quan no els necessitis. Taules i cadires que es poden plegar, bancs amb espai d&#8217;emmagatzematge integrat i mobles multifuncionals s\u00f3n ideals per a terrasses petites.<\/p>\n<p style=\"text-align: justify;\"><strong>2) \u00das de colors i materials per crear una sensaci\u00f3 d&#8217;amplitud<\/strong>: colors clars com el blanc, beix i tons past\u00eds poden fer que l&#8217;espai sembli m\u00e9s gran. Els materials reflectors com el vidre i els metalls brillants tamb\u00e9 ajuden a amplificar la llum i crear una sensaci\u00f3 de m\u00e9s espai.<\/p>\n<p style=\"text-align: justify;\"><strong>3) Import\u00e0ncia de la distribuci\u00f3 i el flux de l&#8217;espai<\/strong>: mantingues una disposici\u00f3 oberta i evita el desordre. Col\u00b7loca els mobles contra les parets per maximitzar l&#8217;espai central i assegura&#8217;t que hi hagi un flux natural entre les diferents \u00e0rees de la terrassa. Un disseny ben pensat facilita el moviment i fa que la terrassa se senti m\u00e9s espaiosa.<\/p>\n<p style=\"text-align: justify;\">Tingues en compte aquests consells a l&#8217;hora de planificar i dissenyar la decoraci\u00f3 d&#8217;una terrassa petita per maximitzar el teu espai exterior redu\u00eft.<\/p>\n<p>[\/vc_column_text][vc_empty_space][vc_separator type=&#8221;normal&#8221;][vc_empty_space][\/vc_column][vc_column width=&#8221;1\/2&#8243;][vc_empty_space][vc_single_image image=&#8221;3393&#8243; img_size=&#8221;600&#215;780&#8243; qode_css_animation=&#8221;element_from_right&#8221;][vc_empty_space][\/vc_column][\/vc_row][vc_row css_animation=&#8221;&#8221; row_type=&#8221;row&#8221; use_row_as_full_screen_section=&#8221;no&#8221; type=&#8221;full_width&#8221; angled_section=&#8221;no&#8221; text_align=&#8221;left&#8221; background_image_as_pattern=&#8221;without_pattern&#8221;][vc_column width=&#8221;1\/2&#8243;][vc_single_image image=&#8221;3395&#8243; img_size=&#8221;600&#215;780&#8243; qode_css_animation=&#8221;element_from_left&#8221;][vc_empty_space][\/vc_column][vc_column width=&#8221;1\/2&#8243;][vc_column_text]<\/p>\n<h2>Idees creatives per decorar una terrassa petita<\/h2>\n<p>[\/vc_column_text][vc_empty_space][vc_column_text]<\/p>\n<p style=\"text-align: justify;\">Cuando se trata de c\u00f3mo decorar una terraza peque\u00f1a, la creatividad es clave para maximizar el espacio y crear un ambiente acogedor y funcional. Aqu\u00ed tienes algunas ideas creativas:<\/p>\n<ul style=\"text-align: justify;\">\n<li><strong>Incorporaci\u00f3n de plantas y jardines verticales<\/strong>: las plantas a\u00f1aden vida y color a cualquier espacio. Usa macetas colgantes, estanter\u00edas de pared o jardines verticales para aprovechar el espacio vertical y evitar ocupar superficie valiosa del suelo.<\/li>\n<li><strong>Soluciones de almacenamiento inteligentes<\/strong>: utiliza muebles que ofrezcan almacenamiento oculto, como bancos o mesas con compartimentos. Las estanter\u00edas abiertas y los ganchos de pared tambi\u00e9n son excelentes para mantener el espacio ordenado y libre de desorden.<\/li>\n<li><strong>Iluminaci\u00f3n para ambientes acogedores<\/strong>: la iluminaci\u00f3n adecuada puede transformar una terraza peque\u00f1a. Usa luces solares, guirnaldas de luces y l\u00e1mparas port\u00e1tiles para crear un ambiente c\u00e1lido y acogedor. Las luces empotradas en el suelo o en las paredes pueden a\u00f1adir un toque moderno y funcional sin ocupar espacio adicional.<\/li>\n<\/ul>\n<p style=\"text-align: justify;\">Con estas ideas podr\u00e1s decorar tu terraza peque\u00f1a de manera efectiva, creando un espacio que no solo sea funcional sino tambi\u00e9n est\u00e9ticamente atractivo.<\/p>\n<p>[\/vc_column_text][vc_empty_space][vc_separator type=&#8221;normal&#8221;][vc_empty_space][\/vc_column][\/vc_row][vc_row css_animation=&#8221;&#8221; row_type=&#8221;row&#8221; use_row_as_full_screen_section=&#8221;no&#8221; type=&#8221;full_width&#8221; angled_section=&#8221;no&#8221; text_align=&#8221;left&#8221; background_image_as_pattern=&#8221;without_pattern&#8221;][vc_column][vc_column_text]<\/p>\n<h2>Com decorar terrasses petites aprofitant cada rac\u00f3?<\/h2>\n<p>[\/vc_column_text][vc_empty_space][vc_column_text]<\/p>\n<p style=\"text-align: justify;\">Has de saber que una altra part essencial de com decorar terrasses petites \u00e9s aprofitar cada rac\u00f3. Amb una planificaci\u00f3 acurada i un disseny intel\u00b7ligent, pots transformar fins i tot lespai m\u00e9s redu\u00eft en una \u00e0rea funcional i atractiva.<\/p>\n<p style=\"text-align: justify;\"><span style=\"text-decoration: underline;\"><strong>Divisi\u00f3 de l&#8217;espai en zones funcionals<\/strong><\/span><\/p>\n<p style=\"text-align: justify;\">Per maximitzar l&#8217;\u00fas de la terrassa, \u00e9s \u00fatil dividir l&#8217;espai en zones funcionals. Aix\u00f2 podria incloure una zona d&#8217;estar, una \u00e0rea de menjador i un espai verd per a plantes. Utilitza catifes exteriors per definir cada \u00e0rea sense necessitat de barreres f\u00edsiques que ocupin espai. Les prestatgeries obertes i els paravents lleugers tamb\u00e9 poden ajudar a segmentar l&#8217;espai de manera eficient.<\/p>\n<p style=\"text-align: justify;\"><span style=\"text-decoration: underline;\"><strong>Multifuncionalitat en el disseny i elecci\u00f3 d&#8217;elements decoratius<\/strong><\/span><\/p>\n<p style=\"text-align: justify;\">La multifuncionalitat \u00e9s clau per decorar una terrassa petita. Trieu mobles i elements decoratius que serveixin m\u00e9s d&#8217;un prop\u00f2sit. Per exemple, una taula de menjador pot tenir emmagatzematge integrat, o un banc pot funcionar tamb\u00e9 com a espai d&#8217;emmagatzematge. Els mobles plegables i apilables s\u00f3n particularment \u00fatils, permetent reconfigurar l&#8217;espai segons les teves necessitats.<\/p>\n<p style=\"text-align: justify;\"><span style=\"text-decoration: underline;\"><strong>Consells per mantenir l&#8217;ordre i l&#8217;organitzaci\u00f3<\/strong><\/span><\/p>\n<p style=\"text-align: justify;\">Mantenir l&#8217;ordre \u00e9s crucial perqu\u00e8 una terrassa petita no se senti abarrotada. Aqu\u00ed tens alguns consells per aconseguir-ho:<\/p>\n<ul style=\"text-align: justify;\">\n<li><strong>Utilitza l&#8217;espai vertical<\/strong>: instal\u00b7la prestatgeries i ganxos a les parets per emmagatzemar objectes sense ocupar el terra.<\/li>\n<li><strong>Selecciona mobles amb emmagatzematge ocult<\/strong>: bancs, taules i otomanes amb compartiments d&#8217;emmagatzematge s\u00f3n perfectes per guardar coixins, mantes i altres accessoris.<\/li>\n<li><strong>Tingues a la vista nom\u00e9s all\u00f2 essencial<\/strong>: minimitza els objectes decoratius i centra&#8217;t en elements que siguin tant funcionals com est\u00e8tics.<\/li>\n<\/ul>\n<p style=\"text-align: justify;\">Seguint aquests consells sobre com decorar petites terrasses, podr\u00e0s crear un espai ordenat, multifuncional i visualment atractiu, aprofitant al m\u00e0xim cada rac\u00f3 disponible.<\/p>\n<p>[\/vc_column_text][vc_empty_space][vc_separator type=&#8221;normal&#8221;][vc_empty_space][\/vc_column][\/vc_row][vc_row css_animation=&#8221;&#8221; row_type=&#8221;row&#8221; use_row_as_full_screen_section=&#8221;no&#8221; type=&#8221;full_width&#8221; angled_section=&#8221;no&#8221; text_align=&#8221;left&#8221; background_image_as_pattern=&#8221;without_pattern&#8221;][vc_column width=&#8221;1\/2&#8243;][vc_column_text]<\/p>\n<h2>Com decorar una terrassa petita amb estil i personalitat?<\/h2>\n<p>[\/vc_column_text][vc_empty_space][vc_column_text]<\/p>\n<p style=\"text-align: justify;\">Decorar una terrassa petita no vol dir que hagis de sacrificar estil o personalitat. De fet, un espai redu\u00eft pot ser una oportunitat perfecta per reflectir la teva identitat de manera concentrada i significativa. A continuaci\u00f3, indiquem com decorar una terrassa petita amb estil i personalitat:<\/p>\n<p style=\"text-align: justify;\"><span style=\"text-decoration: underline;\"><strong>Integraci\u00f3 de tocs personals: t\u00e8xtils, accessoris i art<\/strong><\/span><\/p>\n<p style=\"text-align: justify;\">Els tocs personals s\u00f3n essencials per transformar una petita terrassa en un espai \u00fanic i acollidor. Considera el seg\u00fcent:<\/p>\n<ul>\n<li style=\"text-align: justify;\"><strong>T\u00e8xtils<\/strong>: els coixins, catifes i mantes afegeixen confort, per\u00f2 tamb\u00e9 color i textura. Tria t\u00e8xtils amb patrons i colors que t&#8217;agradin i reflecteixin el teu estil. Opta per teixits resistents al clima per assegurar-ne la durabilitat.<\/li>\n<li style=\"text-align: justify;\"><strong>Accessoris<\/strong>: elements com testos decoratius, llums de disseny, i petits mobles auxiliars poden fer una gran difer\u00e8ncia. Els accessoris artesanals o records dels teus viatges poden afegir un toc especial i personal.<\/li>\n<li style=\"text-align: justify;\"><strong>Art<\/strong>: no subestimis el poder de l&#8217;art en espais exteriors. Les peces d&#8217;art per a exteriors, com escultures petites, quadres resistents a la intemp\u00e8rie o fins i tot murals, poden aportar un car\u00e0cter \u00fanic a la terrassa.<\/li>\n<\/ul>\n<p>[\/vc_column_text][\/vc_column][vc_column width=&#8221;1\/2&#8243;][vc_single_image image=&#8221;3397&#8243; img_size=&#8221;600&#215;770&#8243; qode_css_animation=&#8221;element_from_right&#8221;][vc_empty_space][\/vc_column][\/vc_row][vc_row css_animation=&#8221;&#8221; row_type=&#8221;row&#8221; use_row_as_full_screen_section=&#8221;no&#8221; type=&#8221;full_width&#8221; angled_section=&#8221;no&#8221; text_align=&#8221;left&#8221; background_image_as_pattern=&#8221;without_pattern&#8221;][vc_column][vc_column_text]<\/p>\n<p style=\"text-align: justify;\"><span style=\"text-decoration: underline;\"><strong>Triar un estil de decoraci\u00f3 que reflecteixi la teva identitat<\/strong><\/span><\/p>\n<p style=\"text-align: justify;\">Triar un estil de decoraci\u00f3 \u00e9s crucial per donar cohesi\u00f3 i personalitat a la terrassa. Aqu\u00ed tens alguns estils que pots considerar i adaptar segons les teves prefer\u00e8ncies:<\/p>\n<ul style=\"text-align: justify;\">\n<li><strong>Estil bohemi<\/strong>: si us agraden els colors vibrants, els patrons ecl\u00e8ctics i una sensaci\u00f3 general de comoditat i relaxaci\u00f3, l&#8217;estil boho pot ser perfecte per a tu. Utilitza una barreja de t\u00e8xtils, mobles de v\u00edmet, i moltes plantes.<\/li>\n<li><strong>Estil minimalista<\/strong>: per a aquells que prefereixen la simplicitat i la funcionalitat, l&#8217;estil minimalista s&#8217;enfoca en l\u00ednies netes, colors neutres i un mobiliari redu\u00eft a l&#8217;essencial. Menys \u00e9s m\u00e9s en aquest cas, i cada pe\u00e7a ha de tenir un prop\u00f2sit clar.<\/li>\n<li><strong>Estil mediterrani<\/strong>: inspirat en les terrasses del sud d&#8217;Europa, aquest estil fa servir colors c\u00e0lids, cer\u00e0miques artesanals i mobles de ferro forjat. Les plantes arom\u00e0tiques com el roman\u00ed i la lavanda s\u00f3n perfectes per completar el look.<\/li>\n<li><strong>Estil industrial<\/strong>: incorpora elements de metall i vidre, amb mobles que tinguen un acabat desgastat. Els llums de cadena i els tests de formig\u00f3 complementen aquest look.<\/li>\n<li><strong>Estil tropical<\/strong>: omple la terrassa de plantes ex\u00f2tiques i fa servir mobles de bamb\u00fa o ratan. Colors brillants com el verd maragda i el groc poden real\u00e7ar la sensaci\u00f3 tropical.<\/li>\n<\/ul>\n<p style=\"text-align: justify;\">Independentment de l&#8217;estil que tri\u00efs, el m\u00e9s important \u00e9s que reflecteixi la teva personalitat i et faci sentir a gust. En integrar els teus gustos i prefer\u00e8ncies a la decoraci\u00f3 de la teva terrassa, no nom\u00e9s crear\u00e0s un espai funcional, sin\u00f3 tamb\u00e9 un rac\u00f3 especial que veritablement et representi. Aix\u00ed, entendre com decorar petites terrasses es converteix en un exercici d&#8217;autoconeixement i creativitat.<\/p>\n<p>[\/vc_column_text][vc_empty_space][vc_separator type=&#8221;normal&#8221;][vc_empty_space][\/vc_column][\/vc_row][vc_row css_animation=&#8221;&#8221; row_type=&#8221;row&#8221; use_row_as_full_screen_section=&#8221;no&#8221; type=&#8221;full_width&#8221; angled_section=&#8221;no&#8221; text_align=&#8221;left&#8221; background_image_as_pattern=&#8221;without_pattern&#8221;][vc_column][vc_column_text]<\/p>\n<h2>Descobrint amb Zentrum com decorar terrasses petites<\/h2>\n<p>[\/vc_column_text][vc_empty_space][vc_column_text]<\/p>\n<p style=\"text-align: justify;\">En rec\u00f3rrer aquest bloc, hem explorat diverses estrat\u00e8gies i consells sobre com decorar terrasses petites, des de la selecci\u00f3 del mobiliari adequat fins a la integraci\u00f3 d&#8217;elements decoratius i solucions d&#8217;emmagatzematge intel\u00b7ligents. Hem vist la import\u00e0ncia de dividir lespai en zones funcionals, utilitzar la multifuncionalitat en el disseny i mantenir l&#8217;ordre i l&#8217;organitzaci\u00f3.<\/p>\n<p style=\"text-align: justify;\">A Zentrum, comprenem que cada espai \u00e9s \u00fanic i mereix un enfocament personalitzat. La nostra experi\u00e8ncia en disseny i decoraci\u00f3 d\u00b4interiors ens permet oferir solucions creatives i pr\u00e0ctiques per maximitzar el potencial de terrasses petites. Si est\u00e0s buscant transformar la terrassa en un oasi urb\u00e0, ara ja saps com decorar una terrassa petita pel teu compte, per\u00f2 si prefereixes deixar-lo a les nostres mans, et convidem a contactar-nos. El nostre equip d&#8217;experts est\u00e0 llest per ajudar-vos a crear l&#8217;espai dels vostres somnis.<\/p>\n<p>Visita&#8217;ns o contacta&#8217;ns per con\u00e8ixer m\u00e9s sobre la nostra oferta de <a href=\"https:\/\/zentrumbcn.com\/ca\/\">mobles de disseny a Barcelona<\/a> o el nostre servei de <a href=\"https:\/\/zentrumbcn.com\/ca\/decoracio\/\">decoraci\u00f3 a Barcelona<\/a>. A Zentrum, estem compromesos a fer realitat les teves visions d&#8217;una llar perfecta, aprofitant cada rac\u00f3 de la terrassa per convertir-lo en un lloc especial i acollidor.<\/p>\n<p>[\/vc_column_text][vc_empty_space][vc_empty_space][\/vc_column][\/vc_row][vc_column width=&#8221;1\/2&#8243;][\/vc_column]<\/p>\n","protected":false},"excerpt":{"rendered":"<p>[vc_row css_animation=&#8221;&#8221; row_type=&#8221;row&#8221; use_row_as_full_screen_section=&#8221;no&#8221; type=&#8221;full_width&#8221; angled_section=&#8221;no&#8221; text_align=&#8221;left&#8221; background_image_as_pattern=&#8221;without_pattern&#8221;][vc_column][vc_empty_space][vc_column_text] Saps com decorar terrasses petites? [\/vc_column_text][vc_empty_space][vc_column_text] Maximitzar els espais exteriors petits \u00e9s crucial per crear \u00e0rees funcionals i acollidores a casa nostra. Saber com decorar petites terrasses, a m\u00e9s de millorar l&#8217;est\u00e8tica, incrementa la funcionalitat de l&#8217;espai,&#8230;<\/p>\n","protected":false},"author":1,"featured_media":3392,"comment_status":"closed","ping_status":"open","sticky":false,"template":"","format":"standard","meta":{"footnotes":""},"categories":[9],"tags":[],"_links":{"self":[{"href":"https:\/\/zentrumbcn.com\/ca\/wp-json\/wp\/v2\/posts\/3408"}],"collection":[{"href":"https:\/\/zentrumbcn.com\/ca\/wp-json\/wp\/v2\/posts"}],"about":[{"href":"https:\/\/zentrumbcn.com\/ca\/wp-json\/wp\/v2\/types\/post"}],"author":[{"embeddable":true,"href":"https:\/\/zentrumbcn.com\/ca\/wp-json\/wp\/v2\/users\/1"}],"replies":[{"embeddable":true,"href":"https:\/\/zentrumbcn.com\/ca\/wp-json\/wp\/v2\/comments?post=3408"}],"version-history":[{"count":5,"href":"https:\/\/zentrumbcn.com\/ca\/wp-json\/wp\/v2\/posts\/3408\/revisions"}],"predecessor-version":[{"id":3415,"href":"https:\/\/zentrumbcn.com\/ca\/wp-json\/wp\/v2\/posts\/3408\/revisions\/3415"}],"wp:featuredmedia":[{"embeddable":true,"href":"https:\/\/zentrumbcn.com\/ca\/wp-json\/wp\/v2\/media\/3392"}],"wp:attachment":[{"href":"https:\/\/zentrumbcn.com\/ca\/wp-json\/wp\/v2\/media?parent=3408"}],"wp:term":[{"taxonomy":"category","embeddable":true,"href":"https:\/\/zentrumbcn.com\/ca\/wp-json\/wp\/v2\/categories?post=3408"},{"taxonomy":"post_tag","embeddable":true,"href":"https:\/\/zentrumbcn.com\/ca\/wp-json\/wp\/v2\/tags?post=3408"}],"curies":[{"name":"wp","href":"https:\/\/api.w.org\/{rel}","templated":true}]}}