{"id":6691,"date":"2026-01-14T14:13:44","date_gmt":"2026-01-14T14:13:44","guid":{"rendered":"https:\/\/zentrumbcn.com\/?p=6691"},"modified":"2026-01-14T14:16:09","modified_gmt":"2026-01-14T14:16:09","slug":"que-son-els-mobles-modulars","status":"publish","type":"post","link":"https:\/\/zentrumbcn.com\/ca\/que-son-els-mobles-modulars\/","title":{"rendered":"Qu\u00e8 s\u00f3n els mobles modulars?"},"content":{"rendered":"<p>[vc_row css_animation=&#8221;&#8221; row_type=&#8221;row&#8221; use_row_as_full_screen_section=&#8221;no&#8221; type=&#8221;full_width&#8221; angled_section=&#8221;no&#8221; text_align=&#8221;left&#8221; background_image_as_pattern=&#8221;without_pattern&#8221;][vc_column][vc_empty_space][vc_column_text]<\/p>\n<h1>Descobreix qu\u00e8 s\u00f3n els mobles modulars<\/h1>\n<p>[\/vc_column_text][vc_empty_space][vc_column_text]<\/p>\n<p style=\"text-align: justify;\">En els darrers anys, els mobles modulars s\u2019han convertit en una tend\u00e8ncia clau en el disseny d\u2019interiors gr\u00e0cies a la seva capacitat d\u2019adaptaci\u00f3 a diferents espais i estils. Aquest tipus de mobiliari permet reorganitzar i reconfigurar la llar d\u2019una manera pr\u00e0ctica i funcional.<\/p>\n<p style=\"text-align: justify;\">A Zentrum, som experts en mobles de disseny a Barcelona, i hem observat com aquesta soluci\u00f3 ha transformat la manera com les persones conceben els seus espais. Per\u00f2, qu\u00e8 s\u00f3n exactament els mobles modulars i per qu\u00e8 tenen tant de valor en el disseny contemporani?<\/p>\n<p>[\/vc_column_text][vc_empty_space][vc_separator type=&#8221;normal&#8221;][vc_empty_space][\/vc_column][\/vc_row][vc_row css_animation=&#8221;&#8221; row_type=&#8221;row&#8221; use_row_as_full_screen_section=&#8221;no&#8221; type=&#8221;full_width&#8221; angled_section=&#8221;no&#8221; text_align=&#8221;left&#8221; background_image_as_pattern=&#8221;without_pattern&#8221;][vc_column width=&#8221;1\/2&#8243;][vc_column_text]<\/p>\n<h2>T\u2019expliquem qu\u00e8 s\u00f3n els mobles modulars<\/h2>\n<p>[\/vc_column_text][vc_empty_space][vc_column_text]<\/p>\n<p style=\"text-align: justify;\">Aleshores, qu\u00e8 s\u00f3n els mobles modulars? Es tracta de peces de mobiliari dissenyades en unitats o m\u00f2duls independents, cosa que permet combinar-les i reorganitzar-les segons les necessitats de l\u2019espai i de les persones que l\u2019utilitzen. Aquests m\u00f2duls es poden ajustar, treure o afegir per modificar la configuraci\u00f3 del moble, fet que els converteix en una soluci\u00f3 especialment flexible.<\/p>\n<p style=\"text-align: justify;\">Amb el pas dels anys, els mobles modulars han evolucionat des de simples solucions per a espais redu\u00efts fins a esdevenir protagonistes de molts projectes de disseny contemporani. Gr\u00e0cies a la seva capacitat d\u2019adaptar-se als canvis d\u2019estil de vida, avui s\u00f3n una opci\u00f3 vers\u00e0til tant en interiors residencials com comercials.<\/p>\n<p>[\/vc_column_text][vc_empty_space][vc_separator type=&#8221;normal&#8221;][vc_empty_space][\/vc_column][vc_column width=&#8221;1\/2&#8243;][vc_single_image image=&#8221;6676&#8243; img_size=&#8221;full&#8221; qode_css_animation=&#8221;element_from_right&#8221;][vc_empty_space][\/vc_column][\/vc_row][vc_row css_animation=&#8221;&#8221; row_type=&#8221;row&#8221; use_row_as_full_screen_section=&#8221;no&#8221; type=&#8221;full_width&#8221; angled_section=&#8221;no&#8221; text_align=&#8221;left&#8221; background_image_as_pattern=&#8221;without_pattern&#8221;][vc_column][vc_column_text]<\/p>\n<h2>Caracter\u00edstiques clau dels mobles modulars<\/h2>\n<p>[\/vc_column_text][vc_empty_space][vc_column_text]<\/p>\n<p style=\"text-align: justify;\">Ara que ja saps qu\u00e8 s\u00f3n els mobles modulars, \u00e9s important entendre qu\u00e8 els fa tan atractius en el disseny d\u2019interiors. A continuaci\u00f3, t\u2019expliquem algunes de les caracter\u00edstiques m\u00e9s rellevants que defineixen aquest tipus de mobiliari:<\/p>\n<ul style=\"text-align: justify;\">\n<li>\n<p data-start=\"1780\" data-end=\"1989\"><strong data-start=\"1780\" data-end=\"1813\">Versatilitat i funcionalitat.<\/strong> Els mobles modulars es poden reconfigurar per adaptar-se a diferents espais i usos. Aix\u00f2 els converteix en una opci\u00f3 ideal per a llars on les necessitats canvien amb el temps.<\/p>\n<\/li>\n<li>\n<p data-start=\"1991\" data-end=\"2178\"><strong data-start=\"1991\" data-end=\"2028\">Adaptabilitat a diferents estils.<\/strong> Com que estan dissenyats per integrar-se f\u00e0cilment en qualsevol entorn, s\u00f3n una soluci\u00f3 perfecta per a estils que van del minimalisme a l\u2019industrial.<\/p>\n<\/li>\n<li>\n<p data-start=\"2180\" data-end=\"2403\"><strong data-start=\"2180\" data-end=\"2214\">Materials i disseny innovador.<\/strong> Els mobles modulars solen fabricar-se amb una gran varietat de materials, com fusta, metall o pl\u00e0stics reciclats, fet que permet apostar per opcions sostenibles sense renunciar al disseny.<\/p>\n<\/li>\n<\/ul>\n<p style=\"text-align: justify;\">Aquestes caracter\u00edstiques no nom\u00e9s els fan funcionals, sin\u00f3 que tamb\u00e9 els converteixen en una opci\u00f3 est\u00e8tica capa\u00e7 d\u2019integrar-se en qualsevol llar o espai comercial. La seva capacitat de combinar utilitat i bellesa els fa una elecci\u00f3 ideal per a qui busca un equilibri entre ambdues.<\/p>\n<p>[\/vc_column_text][vc_empty_space][vc_separator type=&#8221;normal&#8221;][vc_empty_space][\/vc_column][\/vc_row][vc_row css_animation=&#8221;&#8221; row_type=&#8221;row&#8221; use_row_as_full_screen_section=&#8221;no&#8221; type=&#8221;full_width&#8221; angled_section=&#8221;no&#8221; text_align=&#8221;left&#8221; background_image_as_pattern=&#8221;without_pattern&#8221;][vc_column width=&#8221;1\/2&#8243;][vc_single_image image=&#8221;6674&#8243; img_size=&#8221;full&#8221; qode_css_animation=&#8221;element_from_right&#8221;][vc_empty_space][\/vc_column][vc_column width=&#8221;1\/2&#8243;][vc_column_text]<\/p>\n<h2>Avantatges dels mobles modulars a la llar<\/h2>\n<p>[\/vc_column_text][vc_empty_space][vc_column_text]<\/p>\n<p style=\"text-align: justify;\">Tamb\u00e9 \u00e9s important destacar els avantatges que ofereixen els mobles modulars en la decoraci\u00f3 i l\u2019organitzaci\u00f3 de la llar. A continuaci\u00f3, et mostrem alguns dels principals motius pels quals aquest tipus de mobiliari ha guanyat tanta popularitat:<\/p>\n<ul style=\"text-align: justify;\">\n<li><strong>Flexibilitat en el disseny dels espais<\/strong>. Un dels grans avantatges dels mobles modulars \u00e9s la seva capacitat de transformar-se segons les necessitats del moment. S\u00f3n ideals per a espais multifuncionals, com salons que tamb\u00e9 s\u2019utilitzen com a zones de treball o d\u2019oci.<\/li>\n<li><strong>Personalitzaci\u00f3 i reconfiguraci\u00f3<\/strong>. Amb els mobles modulars pots personalitzar el disseny de casa teva de manera \u00fanica. En poder reconfigurar les peces segons l\u2019espai o les activitats, aconsegueixes una llar que s\u2019adapta a tu, i no a l\u2019inrev\u00e9s.<\/li>\n<li><strong>Optimitzaci\u00f3 de l\u2019espai<\/strong>. Gr\u00e0cies al seu alt nivell de personalitzaci\u00f3, els mobles modulars permeten aprofitar al m\u00e0xim qualsevol espai, especialment en zones petites on cada metre quadrat compta.<\/li>\n<\/ul>\n<p style=\"text-align: justify;\">Entendre qu\u00e8 s\u00f3n els mobles modulars i quins avantatges ofereixen \u00e9s clau per valorar-los com una soluci\u00f3 intel\u00b7ligent i funcional. Tant en llars grans com petites, s\u2019adapten a les circumst\u00e0ncies de manera eficient sense perdre atractiu est\u00e8tic.<\/p>\n<p>[\/vc_column_text][vc_empty_space][vc_separator type=&#8221;normal&#8221;][vc_empty_space][\/vc_column][\/vc_row][vc_row css_animation=&#8221;&#8221; row_type=&#8221;row&#8221; use_row_as_full_screen_section=&#8221;no&#8221; type=&#8221;full_width&#8221; angled_section=&#8221;no&#8221; text_align=&#8221;left&#8221; background_image_as_pattern=&#8221;without_pattern&#8221;][vc_column width=&#8221;1\/2&#8243;][vc_column_text]<\/p>\n<h2>Tipus de mobles modulars<\/h2>\n<p>[\/vc_column_text][vc_empty_space][vc_column_text]<\/p>\n<p style=\"text-align: justify;\">Cada tipus de moble modular est\u00e0 dissenyat per complir una funci\u00f3 espec\u00edfica, cosa que permet una gran personalitzaci\u00f3 de l\u2019espai. A continuaci\u00f3, et mostrem alguns dels m\u00e9s comuns:<\/p>\n<ul>\n<li style=\"text-align: justify;\"><strong>Sof\u00e0s modulars<\/strong>: aquests sof\u00e0s es componen de diversos m\u00f2duls que es poden moure o reorganitzar per crear diferents configuracions. S\u00f3n perfectes per a espais que canvien de funci\u00f3 sovint o per a qui busca la m\u00e0xima flexibilitat.<\/li>\n<li style=\"text-align: justify;\"><strong>Prestatgeries i sistemes d\u2019emmagatzematge modulars<\/strong>: les prestatgeries modulars permeten afegir o treure seccions segons el que necessitis. S\u00f3n ideals per organitzar qualsevol espai de manera flexible.<\/li>\n<li style=\"text-align: justify;\"><strong>Mobles d\u2019oficina modulars<\/strong>: a les oficines, aquest tipus de mobiliari t\u00e9 una gran import\u00e0ncia, ja que permet crear diferents configuracions de treball i optimitzar tant l\u2019espai com la productivitat.<\/li>\n<li style=\"text-align: justify;\"><strong>Llits modulars<\/strong>: els llits modulars estan dissenyats amb parts que es poden configurar segons la mida i la funcionalitat desitjada. Alguns inclouen calaixos integrats o cap\u00e7als intercanviables, ideals per maximitzar l\u2019emmagatzematge en dormitoris petits.<\/li>\n<li style=\"text-align: justify;\"><strong>Cadires modulars<\/strong>: aquestes cadires poden tenir components intercanviables com respatllers, seients o reposabra\u00e7os, cosa que permet ajustar-les segons les prefer\u00e8ncies de cada usuari. S\u00f3n habituals en oficines o espais de treball, on l\u2019ergonomia \u00e9s clau.<\/li>\n<li style=\"text-align: justify;\"><strong>M\u00f2duls de cuina<\/strong>: les cuines modulars es componen d\u2019unitats d\u2019emmagatzematge que es poden ajustar, substituir o reorganitzar f\u00e0cilment. Aquests m\u00f2duls poden incloure armaris, calaixos o prestatges que es combinen per crear una cuina personalitzada i adaptable.<\/li>\n<li style=\"text-align: justify;\"><strong>Taules modulars<\/strong>: les taules modulars permeten ajustar la mida o la forma segons l\u2019ocasi\u00f3. S\u00f3n molt \u00fatils en menjadors o sales de reunions, on les necessitats d\u2019espai poden variar. Algunes fins i tot incorporen m\u00f2duls amb emmagatzematge ocult.<\/li>\n<li style=\"text-align: justify;\"><strong>Armaris modulars<\/strong>: els armaris modulars permeten afegir, treure o reorganitzar compartiments segons les necessitats d\u2019emmagatzematge. Aix\u00f2 els converteix en una soluci\u00f3 ideal per a qui busca un sistema d\u2019organitzaci\u00f3 personalitzat i flexible.<\/li>\n<\/ul>\n<p>[\/vc_column_text][vc_empty_space][vc_separator type=&#8221;normal&#8221;][vc_empty_space][\/vc_column][vc_column width=&#8221;1\/2&#8243;][vc_single_image image=&#8221;6672&#8243; img_size=&#8221;600&#215;1000&#8243; qode_css_animation=&#8221;element_from_right&#8221;][vc_empty_space][\/vc_column][\/vc_row][vc_row css_animation=&#8221;&#8221; row_type=&#8221;row&#8221; use_row_as_full_screen_section=&#8221;no&#8221; type=&#8221;full_width&#8221; angled_section=&#8221;no&#8221; text_align=&#8221;left&#8221; background_image_as_pattern=&#8221;without_pattern&#8221;][vc_column][vc_column_text]<\/p>\n<h2>Exemples pr\u00e0ctics de mobles modulars a la llar<\/h2>\n<p>[\/vc_column_text][vc_empty_space][vc_column_text]<\/p>\n<p style=\"text-align: justify;\">Aplicar aquests conceptes a casa teva et permetr\u00e0 descobrir el seu veritable potencial. A continuaci\u00f3, et proposem algunes idees inspiradores per utilitzar mobles modulars en diferents espais de la llar:<\/p>\n<ul style=\"text-align: justify;\">\n<li><strong>Sala d\u2019estar<\/strong>: un sof\u00e0 modular \u00e9s perfecte per crear una sala d\u2019estar flexible. Pots comen\u00e7ar amb una configuraci\u00f3 b\u00e0sica i, a mesura que creixin les teves necessitats, anar afegint m\u00f2duls. A m\u00e9s, molts sof\u00e0s modulars inclouen opcions amb emmagatzematge integrat o reposapeus desmuntables, cosa que et permet optimitzar l\u2019espai i mantenir l\u2019ordre. Tamb\u00e9 pots afegir prestatgeries modulars per organitzar llibres, plantes o elements decoratius de manera personalitzada.<\/li>\n<li><strong>Dormitori<\/strong>: els llits modulars amb calaixos o compartiments ocults s\u00f3n ideals per maximitzar l\u2019espai d\u2019emmagatzematge en dormitoris petits. A m\u00e9s, pots incorporar tauletes de nit modulars, que s\u2019adaptin a la mida del llit o a la disposici\u00f3 de l\u2019habitaci\u00f3. Un altre exemple \u00e9s l\u2019\u00fas d\u2019armaris modulars, que et permetran reconfigurar l\u2019emmagatzematge segons les teves necessitats, afegint prestatges o divisors ajustables per a una millor organitzaci\u00f3.<\/li>\n<li><strong>Cuina<\/strong>: les cuines modulars s\u00f3n molt pr\u00e0ctiques per a qui busca flexibilitat. Els m\u00f2duls d\u2019emmagatzematge es poden canviar de lloc segons el que necessitis guardar o reorganitzar. Les illes de cuina modulars s\u00f3n una opci\u00f3 excel\u00b7lent, ja que pots ajustar-ne la mida o afegir m\u00f2duls addicionals amb calaixos o prestatges oberts. Tamb\u00e9 pots integrar m\u00f2duls amb taulells extra\u00efbles que permetin transformar la cuina en un espai multifuncional.<\/li>\n<li><strong>Bany<\/strong>: en banys petits, els mobles modulars permeten aprofitar cada rac\u00f3. Pots instal\u00b7lar prestatgeries o armaris modulars que s\u2019adaptin a les parets, creant espais d\u2019emmagatzematge a mida. Tamb\u00e9 es poden utilitzar m\u00f2duls sota el lavabo o prestatgeries ajustables per mantenir els productes d\u2019higiene i les tovalloles ordenats.<\/li>\n<li><strong>Oficina<\/strong>: els escriptoris modulars s\u00f3n l\u2019opci\u00f3 ideal per a una oficina a casa. Permeten ajustar la mida i la disposici\u00f3 segons l\u2019espai disponible. Pots incloure m\u00f2duls amb calaixos o prestatgeries integrades per guardar documents i material d\u2019oficina, mantenint l\u2019\u00e0rea de treball ordenada. A m\u00e9s, pots afegir panells modulars a les parets per penjar accessoris o eines de treball.<\/li>\n<\/ul>\n<p style=\"text-align: justify;\">Integrar aquest tipus de mobiliari en diferents espais de la llar no nom\u00e9s optimitza l\u2019espai, sin\u00f3 que tamb\u00e9 aporta un toc modern i pr\u00e0ctic. En adaptar-se f\u00e0cilment a les teves necessitats, aquests mobles es converteixen en una soluci\u00f3 perfecta per a qualsevol ambient.<\/p>\n<p>[\/vc_column_text][vc_empty_space][vc_separator type=&#8221;normal&#8221;][vc_empty_space][\/vc_column][\/vc_row][vc_row css_animation=&#8221;&#8221; row_type=&#8221;row&#8221; use_row_as_full_screen_section=&#8221;no&#8221; type=&#8221;full_width&#8221; angled_section=&#8221;no&#8221; text_align=&#8221;left&#8221; background_image_as_pattern=&#8221;without_pattern&#8221;][vc_column width=&#8221;1\/2&#8243;][vc_column_text]<\/p>\n<h2>Com triar mobles modulars per a casa teva?<\/h2>\n<p>[\/vc_column_text][vc_empty_space][vc_column_text]<\/p>\n<p style=\"text-align: justify;\">Escollir el mobiliari adequat no nom\u00e9s millorar\u00e0 la funcionalitat del teu espai, sin\u00f3 que tamb\u00e9 garantir\u00e0 que la teva llar reflecteixi el teu estil personal. Aqu\u00ed tens alguns consells per prendre la millor decisi\u00f3:<\/p>\n<ul style=\"text-align: justify;\">\n<li><strong>Mida de l\u2019espai<\/strong>: abans de triar mobles modulars, avalua l\u2019espai disponible. Opta per m\u00f2duls que s\u2019hi adaptin b\u00e9 sense sobrecarregar l\u2019ambient.<\/li>\n<li><strong>Disseny i materials<\/strong>: assegura\u2019t que els materials i el disseny dels m\u00f2duls s\u2019integrin amb l\u2019estil general de la teva llar. Els materials naturals com la fusta o els acabats met\u00e0l\u00b7lics s\u00f3n vers\u00e0tils i combinen b\u00e9 amb diferents estils.<\/li>\n<li><strong>Funcionalitat<\/strong>: tingues clar quin tipus de funcionalitat necessites. Si busques un sof\u00e0 que tamb\u00e9 es converteixi en llit, o prestatgeries que es puguin reorganitzar segons el que necessitis guardar, els mobles modulars poden oferir-te m\u00faltiples solucions en una sola pe\u00e7a.<\/li>\n<\/ul>\n<p style=\"text-align: justify;\">Tenir en compte aquests factors a l\u2019hora d\u2019escollir mobles modulars t\u2019ajudar\u00e0 a crear una llar eficient, ben dissenyada i, sobretot, adaptable a qualsevol canvi.<\/p>\n<p>[\/vc_column_text][vc_empty_space][vc_separator type=&#8221;normal&#8221;][vc_empty_space][\/vc_column][vc_column width=&#8221;1\/2&#8243;][vc_single_image image=&#8221;3562&#8243; img_size=&#8221;600&#215;650&#8243; qode_css_animation=&#8221;element_from_right&#8221;][vc_empty_space][\/vc_column][\/vc_row][vc_row css_animation=&#8221;&#8221; row_type=&#8221;row&#8221; use_row_as_full_screen_section=&#8221;no&#8221; type=&#8221;full_width&#8221; angled_section=&#8221;no&#8221; text_align=&#8221;left&#8221; background_image_as_pattern=&#8221;without_pattern&#8221;][vc_column][vc_column_text]<\/p>\n<h2>Descobrint qu\u00e8 s\u00f3n els mobles modulars amb Zentrum<\/h2>\n<p>[\/vc_column_text][vc_empty_space][vc_column_text]<\/p>\n<p style=\"text-align: justify;\" data-start=\"5927\" data-end=\"6213\">Ara que ja saps qu\u00e8 s\u00f3n els mobles modulars, \u00e9s f\u00e0cil entendre per qu\u00e8 s\u00f3n una soluci\u00f3 ideal per a qui busca flexibilitat i funcionalitat en el disseny d\u2019interiors. Els mobles modulars no nom\u00e9s optimitzen l\u2019espai, sin\u00f3 que permeten personalitzar cada rac\u00f3 de la llar d\u2019una manera \u00fanica.<\/p>\n<p style=\"text-align: justify;\" data-start=\"6215\" data-end=\"6522\" data-is-last-node=\"\" data-is-only-node=\"\">Si est\u00e0s pensant a donar un nou aire a casa teva, a Zentrum, el nostre estudi d\u2019interiorisme a Barcelona, podem ajudar-te a crear espais funcionals i est\u00e8ticament atractius. A m\u00e9s, comptem amb una selecci\u00f3 de mobiliari interior a Barcelona, perfecta per a qui busca qualitat i estil en cada rac\u00f3 de la llar.<\/p>\n<p>[\/vc_column_text][vc_empty_space][vc_empty_space][\/vc_column][\/vc_row][vc_column width=&#8221;1\/2&#8243;][\/vc_column]<\/p>\n","protected":false},"excerpt":{"rendered":"<p>[vc_row css_animation=&#8221;&#8221; row_type=&#8221;row&#8221; use_row_as_full_screen_section=&#8221;no&#8221; type=&#8221;full_width&#8221; angled_section=&#8221;no&#8221; text_align=&#8221;left&#8221; background_image_as_pattern=&#8221;without_pattern&#8221;][vc_column][vc_empty_space][vc_column_text] Descobreix qu\u00e8 s\u00f3n els mobles modulars [\/vc_column_text][vc_empty_space][vc_column_text] En els darrers anys, els mobles modulars s\u2019han convertit en una tend\u00e8ncia clau en el disseny d\u2019interiors gr\u00e0cies a la seva capacitat d\u2019adaptaci\u00f3 a diferents espais i estils. Aquest tipus&#8230;<\/p>\n","protected":false},"author":1,"featured_media":6673,"comment_status":"closed","ping_status":"open","sticky":false,"template":"","format":"standard","meta":{"footnotes":""},"categories":[9],"tags":[],"_links":{"self":[{"href":"https:\/\/zentrumbcn.com\/ca\/wp-json\/wp\/v2\/posts\/6691"}],"collection":[{"href":"https:\/\/zentrumbcn.com\/ca\/wp-json\/wp\/v2\/posts"}],"about":[{"href":"https:\/\/zentrumbcn.com\/ca\/wp-json\/wp\/v2\/types\/post"}],"author":[{"embeddable":true,"href":"https:\/\/zentrumbcn.com\/ca\/wp-json\/wp\/v2\/users\/1"}],"replies":[{"embeddable":true,"href":"https:\/\/zentrumbcn.com\/ca\/wp-json\/wp\/v2\/comments?post=6691"}],"version-history":[{"count":5,"href":"https:\/\/zentrumbcn.com\/ca\/wp-json\/wp\/v2\/posts\/6691\/revisions"}],"predecessor-version":[{"id":6697,"href":"https:\/\/zentrumbcn.com\/ca\/wp-json\/wp\/v2\/posts\/6691\/revisions\/6697"}],"wp:featuredmedia":[{"embeddable":true,"href":"https:\/\/zentrumbcn.com\/ca\/wp-json\/wp\/v2\/media\/6673"}],"wp:attachment":[{"href":"https:\/\/zentrumbcn.com\/ca\/wp-json\/wp\/v2\/media?parent=6691"}],"wp:term":[{"taxonomy":"category","embeddable":true,"href":"https:\/\/zentrumbcn.com\/ca\/wp-json\/wp\/v2\/categories?post=6691"},{"taxonomy":"post_tag","embeddable":true,"href":"https:\/\/zentrumbcn.com\/ca\/wp-json\/wp\/v2\/tags?post=6691"}],"curies":[{"name":"wp","href":"https:\/\/api.w.org\/{rel}","templated":true}]}}