{"id":6901,"date":"2026-01-26T14:18:35","date_gmt":"2026-01-26T14:18:35","guid":{"rendered":"https:\/\/zentrumbcn.com\/?p=6901"},"modified":"2026-01-26T14:18:35","modified_gmt":"2026-01-26T14:18:35","slug":"colors-tendencia-2025-en-interiorisme","status":"publish","type":"post","link":"https:\/\/zentrumbcn.com\/ca\/colors-tendencia-2025-en-interiorisme\/","title":{"rendered":"Colors tend\u00e8ncia 2025 en interiorisme"},"content":{"rendered":"<p>[vc_row css_animation=&#8221;&#8221; row_type=&#8221;row&#8221; use_row_as_full_screen_section=&#8221;no&#8221; type=&#8221;full_width&#8221; angled_section=&#8221;no&#8221; text_align=&#8221;left&#8221; background_image_as_pattern=&#8221;without_pattern&#8221;][vc_column][vc_empty_space][vc_column_text]<\/p>\n<h1>Colors tend\u00e8ncia 2025 en disseny d\u2019interiors<\/h1>\n<p>[\/vc_column_text][vc_empty_space][vc_column_text]<\/p>\n<p>El 2025 arriba amb un enfocament renovat en el disseny d\u2019interiors, on els colors tend\u00e8ncia tenen un paper clau a l\u2019hora de donar vida i personalitat als espais. M\u00e9s enll\u00e0 d\u2019una elecci\u00f3 est\u00e8tica, aquestes tonalitats reflecteixen les inquietuds i prioritats d\u2019una societat que busca equilibri, sostenibilitat i una connexi\u00f3 m\u00e9s profunda amb la natura. Aquest any, els colors no nom\u00e9s decoren: expliquen hist\u00f2ries i generen emocions, adaptant-se als reptes i esperances del present.<\/p>\n<p>A Zentrum, com a referents en disseny d\u2019interiors a Barcelona, sabem que el color t\u00e9 el poder de transformar qualsevol ambient en un espai ple d\u2019estil i funcionalitat. Per aix\u00f2 hem preparat aquest article on et revelem les tend\u00e8ncies crom\u00e0tiques del 2025. Hi descobrir\u00e0s com integrar aquestes tonalitats a la teva llar, aportant eleg\u00e0ncia, frescor i personalitat a cada rac\u00f3. Si est\u00e0s preparat per actualitzar els teus espais i donar-los un toc \u00fanic, acompanya\u2019ns en aquest recorregut pels colors que marcaran l\u2019any.<\/p>\n<p>[\/vc_column_text][vc_empty_space][vc_separator type=&#8221;normal&#8221;][vc_empty_space][\/vc_column][\/vc_row][vc_row css_animation=&#8221;&#8221; row_type=&#8221;row&#8221; use_row_as_full_screen_section=&#8221;no&#8221; type=&#8221;full_width&#8221; angled_section=&#8221;no&#8221; text_align=&#8221;left&#8221; background_image_as_pattern=&#8221;without_pattern&#8221;][vc_column width=&#8221;1\/2&#8243;][vc_column_text]<\/p>\n<h2>Com es defineixen les tend\u00e8ncies de color per al 2025?<\/h2>\n<p>[\/vc_column_text][vc_empty_space][vc_column_text]<\/p>\n<p data-start=\"1220\" data-end=\"1841\">La selecci\u00f3 dels colors que marcaran l\u2019any no \u00e9s fruit de l\u2019atzar, sin\u00f3 el resultat d\u2019una an\u00e0lisi exhaustiva realitzada per experts en disseny, psicologia i tend\u00e8ncies globals. Institucions com el Pantone Color Institute, juntament amb fires internacionals de prestigi com el Salone del Mobile o Maison &amp; Objet, analitzen factors culturals, socials i econ\u00f2mics per identificar les tonalitats que millor representen l\u2019esperit del moment. Aquestes decisions no nom\u00e9s influeixen en el disseny d\u2019interiors, sin\u00f3 tamb\u00e9 en sectors com la moda, l\u2019art o la tecnologia.<\/p>\n<ul data-start=\"1843\" data-end=\"2416\">\n<li data-start=\"1843\" data-end=\"2099\">\n<p data-start=\"1845\" data-end=\"2099\"><strong data-start=\"1845\" data-end=\"1867\">Factors culturals:<\/strong> el 2025, valors com la sostenibilitat, la reconnexi\u00f3 amb la natura i el benestar emocional s\u00f3n motors clau de les paletes crom\u00e0tiques. En un m\u00f3n marcat per la incertesa, els colors busquen transmetre calma, seguretat i esperan\u00e7a.<\/p>\n<\/li>\n<li data-start=\"2100\" data-end=\"2416\">\n<p data-start=\"2102\" data-end=\"2416\"><strong data-start=\"2102\" data-end=\"2125\">Tend\u00e8ncies globals:<\/strong> els tons naturals, com els verds i els marrons, evoquen paisatges org\u00e0nics que ens connecten amb la terra i fomenten un estil de vida m\u00e9s conscient. Alhora, colors m\u00e9s intensos com el terracota o el groc mostassa reflecteixen energia i creativitat, projectant una visi\u00f3 optimista del futur.<\/p>\n<\/li>\n<\/ul>\n<p data-start=\"2418\" data-end=\"2770\">Tal com assenyala el Pantone Color Institute, <em data-start=\"2464\" data-end=\"2616\">\u00abel color de l\u2019any no nom\u00e9s ha de ser visualment atractiu, sin\u00f3 tamb\u00e9 encarnar l\u2019actitud global i els canvis socials que defineixen el moment present\u00bb<\/em>. Aquesta visi\u00f3 garanteix que cada color seleccionat tingui un impacte emocional i cultural profund, convertint-se en una eina de comunicaci\u00f3 i expressi\u00f3.<\/p>\n<p>[\/vc_column_text][vc_empty_space][vc_separator type=&#8221;normal&#8221;][vc_empty_space][\/vc_column][vc_column width=&#8221;1\/2&#8243;][vc_single_image image=&#8221;4803&#8243; img_size=&#8221;600&#215;850&#8243; qode_css_animation=&#8221;element_from_right&#8221;][vc_empty_space][\/vc_column][\/vc_row][vc_row css_animation=&#8221;&#8221; row_type=&#8221;row&#8221; use_row_as_full_screen_section=&#8221;no&#8221; type=&#8221;full_width&#8221; angled_section=&#8221;no&#8221; text_align=&#8221;left&#8221; background_image_as_pattern=&#8221;without_pattern&#8221;][vc_column][vc_column_text]<\/p>\n<h2>Colors tend\u00e8ncia 2025: els nostres imprescindibles<\/h2>\n<p>[\/vc_column_text][vc_empty_space][vc_column_text]<\/p>\n<p data-start=\"2772\" data-end=\"3145\">Els tons neutres continuen liderant les prefer\u00e8ncies en disseny d\u2019interiors per la seva versatilitat i capacitat d\u2019adaptaci\u00f3 a qualsevol estil decoratiu. El 2025, per\u00f2, aquests colors evolucionen cap a matisos m\u00e9s c\u00e0lids i sofisticats, deixant enrere els neutres freds per crear espais m\u00e9s acollidors i amb car\u00e0cter.<\/p>\n<ul data-start=\"3147\" data-end=\"3720\">\n<li data-start=\"3147\" data-end=\"3367\">\n<p data-start=\"3149\" data-end=\"3367\"><strong data-start=\"3149\" data-end=\"3164\">Beix c\u00e0lid:<\/strong> aquest to cl\u00e0ssic es reinventa amb m\u00e9s profunditat, evocant materials naturals com la sorra o l\u2019argila. Ideal per crear ambients relaxants i acollidors, combina perfectament amb fusta, lli o cer\u00e0mica.<\/p>\n<\/li>\n<li data-start=\"3368\" data-end=\"3556\">\n<p data-start=\"3370\" data-end=\"3556\"><strong data-start=\"3370\" data-end=\"3386\">Gris perlat:<\/strong> subtil i elegant, aporta modernitat sense perdre calidesa. Funciona molt b\u00e9 com a base en interiors minimalistes i es complementa amb accents met\u00e0l\u00b7lics o colors vius.<\/p>\n<\/li>\n<li data-start=\"3557\" data-end=\"3720\">\n<p data-start=\"3559\" data-end=\"3720\"><strong data-start=\"3559\" data-end=\"3577\">Blanc trencat:<\/strong> llumin\u00f3s per\u00f2 amb un punt c\u00e0lid, \u00e9s perfecte per potenciar la llum natural i actuar com a fons neutre que ressalta altres elements decoratius.<\/p>\n<\/li>\n<\/ul>\n<p data-start=\"3722\" data-end=\"3768\"><strong data-start=\"3722\" data-end=\"3766\">Aplicacions pr\u00e0ctiques dels tons neutres<\/strong><\/p>\n<ul data-start=\"3769\" data-end=\"4116\">\n<li data-start=\"3769\" data-end=\"3896\">\n<p data-start=\"3771\" data-end=\"3896\"><strong data-start=\"3771\" data-end=\"3782\">Parets:<\/strong> utilitza beix c\u00e0lid o blanc trencat per crear una base neutra que permeti destacar quadres o mobles m\u00e9s foscos.<\/p>\n<\/li>\n<li data-start=\"3897\" data-end=\"4018\">\n<p data-start=\"3899\" data-end=\"4018\"><strong data-start=\"3899\" data-end=\"3911\">T\u00e8xtils:<\/strong> catifes, cortines i coixins en tons neutres aporten cohesi\u00f3 visual, especialment en salons i dormitoris.<\/p>\n<\/li>\n<li data-start=\"4019\" data-end=\"4116\">\n<p data-start=\"4021\" data-end=\"4116\"><strong data-start=\"4021\" data-end=\"4032\">Mobles:<\/strong> peces de fusta clara o amb acabats naturals reforcen l\u2019efecte org\u00e0nic i equilibrat.<\/p>\n<\/li>\n<\/ul>\n<p data-start=\"4118\" data-end=\"4365\">Segons la revista <em data-start=\"4136\" data-end=\"4148\">Elle Decor<\/em>, <em data-start=\"4150\" data-end=\"4251\">\u00abels tons neutres actuals s\u00f3n essencials per crear espais que transmetin tranquil\u00b7litat i connexi\u00f3\u00bb<\/em>. El 2025, aquestes tonalitats aporten serenitat i esdevenen una base vers\u00e0til per jugar amb textures i materials.<\/p>\n<p>[\/vc_column_text][vc_empty_space][vc_separator type=&#8221;normal&#8221;][vc_empty_space][\/vc_column][\/vc_row][vc_row css_animation=&#8221;&#8221; row_type=&#8221;row&#8221; use_row_as_full_screen_section=&#8221;no&#8221; type=&#8221;full_width&#8221; angled_section=&#8221;no&#8221; text_align=&#8221;left&#8221; background_image_as_pattern=&#8221;without_pattern&#8221;][vc_column width=&#8221;1\/2&#8243;][vc_single_image image=&#8221;4808&#8243; img_size=&#8221;600&#215;1050&#8243; qode_css_animation=&#8221;element_from_left&#8221;][vc_empty_space][\/vc_column][vc_column width=&#8221;1\/2&#8243;][vc_column_text]<\/p>\n<h2>Colors vibrants per donar personalitat a la teva llar<\/h2>\n<p>[\/vc_column_text][vc_empty_space][vc_column_text]<\/p>\n<p data-start=\"4367\" data-end=\"4638\">El 2025 \u00e9s l\u2019any d\u2019atrevir-se amb colors intensos que aporten energia i car\u00e0cter als espais. Tons com el verd maragda, el terracota o el groc mostassa poden transformar un ambient neutre en un espai ple de vida.<\/p>\n<ul data-start=\"4640\" data-end=\"4981\">\n<li data-start=\"4640\" data-end=\"4773\">\n<p data-start=\"4642\" data-end=\"4773\"><strong data-start=\"4642\" data-end=\"4659\">Verd maragda:<\/strong> elegant i fresc, evoca luxe i natura. Ideal per a salons amplis, combina molt b\u00e9 amb neutres o detalls daurats.<\/p>\n<\/li>\n<li data-start=\"4774\" data-end=\"4874\">\n<p data-start=\"4776\" data-end=\"4874\"><strong data-start=\"4776\" data-end=\"4790\">Terracota:<\/strong> c\u00e0lid i aut\u00e8ntic, encaixa perfectament en estils mediterranis, r\u00fastics o bohemis.<\/p>\n<\/li>\n<li data-start=\"4875\" data-end=\"4981\">\n<p data-start=\"4877\" data-end=\"4981\"><strong data-start=\"4877\" data-end=\"4895\">Groc mostassa:<\/strong> alegre i din\u00e0mic, ideal per a petits accents decoratius com coixins, llums o quadres.<\/p>\n<\/li>\n<\/ul>\n<p data-start=\"4983\" data-end=\"5017\"><strong data-start=\"4983\" data-end=\"5015\">Com integrar-los amb criteri<\/strong><\/p>\n<ul data-start=\"5018\" data-end=\"5321\">\n<li data-start=\"5018\" data-end=\"5111\">\n<p data-start=\"5020\" data-end=\"5111\"><strong data-start=\"5020\" data-end=\"5040\">Parets d\u2019accent:<\/strong> pinta una paret en verd maragda o terracota per crear un punt focal.<\/p>\n<\/li>\n<li data-start=\"5112\" data-end=\"5210\">\n<p data-start=\"5114\" data-end=\"5210\"><strong data-start=\"5114\" data-end=\"5130\">Mobles clau:<\/strong> un sof\u00e0 o butaca en groc mostassa pot esdevenir el protagonista de l\u2019estan\u00e7a.<\/p>\n<\/li>\n<li data-start=\"5211\" data-end=\"5321\">\n<p data-start=\"5213\" data-end=\"5321\"><strong data-start=\"5213\" data-end=\"5225\">Detalls:<\/strong> gerros, marcs o t\u00e8xtils permeten experimentar amb aquests colors abans de fer canvis m\u00e9s grans.<\/p>\n<\/li>\n<\/ul>\n<p>[\/vc_column_text][vc_empty_space][vc_separator type=&#8221;normal&#8221;][vc_empty_space][\/vc_column][\/vc_row][vc_row css_animation=&#8221;&#8221; row_type=&#8221;row&#8221; use_row_as_full_screen_section=&#8221;no&#8221; type=&#8221;full_width&#8221; angled_section=&#8221;no&#8221; text_align=&#8221;left&#8221; background_image_as_pattern=&#8221;without_pattern&#8221;][vc_column][vc_column_text]<\/p>\n<h2>Inspiraci\u00f3 natural en els colors tend\u00e8ncia 2025<\/h2>\n<p>[\/vc_column_text][vc_empty_space][vc_column_text]<\/p>\n<p data-start=\"5323\" data-end=\"5584\">La natura continua sent una font d\u2019inspiraci\u00f3 essencial. El 2025 ho veiem en paletes que evoquen equilibri i sostenibilitat: verds org\u00e0nics, marrons terra i blaus profunds que connecten amb l\u2019entorn natural.<\/p>\n<ul data-start=\"5586\" data-end=\"5818\">\n<li data-start=\"5586\" data-end=\"5655\">\n<p data-start=\"5588\" data-end=\"5655\"><strong data-start=\"5588\" data-end=\"5607\">Verds org\u00e0nics:<\/strong> de l\u2019oliva al molsa, aporten calma i frescor.<\/p>\n<\/li>\n<li data-start=\"5656\" data-end=\"5731\">\n<p data-start=\"5658\" data-end=\"5731\"><strong data-start=\"5658\" data-end=\"5676\">Marrons terra:<\/strong> c\u00e0lids i envoltants, ideals per a salons acollidors.<\/p>\n<\/li>\n<li data-start=\"5732\" data-end=\"5818\">\n<p data-start=\"5734\" data-end=\"5818\"><strong data-start=\"5734\" data-end=\"5753\">Blaus profunds:<\/strong> com el blau petroli, afavoreixen la concentraci\u00f3 i la serenitat.<\/p>\n<\/li>\n<\/ul>\n<p data-start=\"5820\" data-end=\"5848\"><strong data-start=\"5820\" data-end=\"5846\">Idees per integrar-los<\/strong><\/p>\n<ul data-start=\"5849\" data-end=\"6082\">\n<li data-start=\"5849\" data-end=\"5922\">\n<p data-start=\"5851\" data-end=\"5922\"><strong data-start=\"5851\" data-end=\"5872\">T\u00e8xtils naturals:<\/strong> cortines, catifes o coixins en verds i marrons.<\/p>\n<\/li>\n<li data-start=\"5923\" data-end=\"5986\">\n<p data-start=\"5925\" data-end=\"5986\"><strong data-start=\"5925\" data-end=\"5951\">Materials sostenibles:<\/strong> fusta recuperada, v\u00edmet o bamb\u00fa.<\/p>\n<\/li>\n<li data-start=\"5987\" data-end=\"6082\">\n<p data-start=\"5989\" data-end=\"6082\"><strong data-start=\"5989\" data-end=\"6012\">Plantes d\u2019interior:<\/strong> falgueres, ficus o plantes penjants per refor\u00e7ar la connexi\u00f3 natural.<\/p>\n<\/li>\n<\/ul>\n<p>[\/vc_column_text][vc_empty_space][vc_separator type=&#8221;normal&#8221;][vc_empty_space][\/vc_column][\/vc_row][vc_row css_animation=&#8221;&#8221; row_type=&#8221;row&#8221; use_row_as_full_screen_section=&#8221;no&#8221; type=&#8221;full_width&#8221; angled_section=&#8221;no&#8221; text_align=&#8221;left&#8221; background_image_as_pattern=&#8221;without_pattern&#8221;][vc_column width=&#8221;1\/2&#8243;][vc_column_text]<\/p>\n<h2>Com aplicar els colors tend\u00e8ncia 2025 a casa teva<\/h2>\n<p>[\/vc_column_text][vc_empty_space][vc_column_text]<\/p>\n<p data-start=\"6084\" data-end=\"6272\">Integrar els colors tend\u00e8ncia 2025 \u00e9s q\u00fcesti\u00f3 d\u2019equilibri. Combina tons neutres, vibrants i naturals segons la funci\u00f3 de cada espai.<\/p>\n<ul data-start=\"6274\" data-end=\"6592\">\n<li data-start=\"6274\" data-end=\"6371\">\n<p data-start=\"6276\" data-end=\"6371\"><strong data-start=\"6276\" data-end=\"6287\">Parets:<\/strong> neutres per a les superf\u00edcies principals i colors intensos per a parets d\u2019accent.<\/p>\n<\/li>\n<li data-start=\"6372\" data-end=\"6437\">\n<p data-start=\"6374\" data-end=\"6437\"><strong data-start=\"6374\" data-end=\"6385\">Mobles:<\/strong> sof\u00e0s, cap\u00e7als o taules auxiliars en colors clau.<\/p>\n<\/li>\n<li data-start=\"6438\" data-end=\"6517\">\n<p data-start=\"6440\" data-end=\"6517\"><strong data-start=\"6440\" data-end=\"6455\">Accessoris:<\/strong> coixins, catifes, llums o cer\u00e0miques per fer canvis r\u00e0pids.<\/p>\n<\/li>\n<li data-start=\"6518\" data-end=\"6592\">\n<p data-start=\"6520\" data-end=\"6592\"><strong data-start=\"6520\" data-end=\"6541\">Espais exteriors:<\/strong> aplica les tend\u00e8ncies tamb\u00e9 a terrasses i balcons.<\/p>\n<\/li>\n<\/ul>\n<p>[\/vc_column_text][vc_empty_space][vc_separator type=&#8221;normal&#8221;][vc_empty_space][\/vc_column][vc_column width=&#8221;1\/2&#8243;][vc_single_image image=&#8221;4806&#8243; img_size=&#8221;600&#215;900&#8243; qode_css_animation=&#8221;element_from_right&#8221;][vc_empty_space][\/vc_column][\/vc_row][vc_row css_animation=&#8221;&#8221; row_type=&#8221;row&#8221; use_row_as_full_screen_section=&#8221;no&#8221; type=&#8221;full_width&#8221; angled_section=&#8221;no&#8221; text_align=&#8221;left&#8221; background_image_as_pattern=&#8221;without_pattern&#8221;][vc_column][vc_column_text]<\/p>\n<h2>Estils decoratius i la seva relaci\u00f3 amb els colors del 2025<\/h2>\n<p>[\/vc_column_text][vc_empty_space][vc_column_text]<\/p>\n<ul>\n<li data-start=\"6660\" data-end=\"6731\">\n<p data-start=\"6662\" data-end=\"6731\"><strong data-start=\"6662\" data-end=\"6678\">Minimalisme:<\/strong> gris perlat i blanc trencat amb petits tocs verds.<\/p>\n<\/li>\n<li data-start=\"6732\" data-end=\"6826\">\n<p data-start=\"6734\" data-end=\"6826\"><strong data-start=\"6734\" data-end=\"6749\">Industrial:<\/strong> marrons terra i grisos foscos amb accents en blau petroli o groc mostassa.<\/p>\n<\/li>\n<li data-start=\"6827\" data-end=\"6916\">\n<p data-start=\"6829\" data-end=\"6916\"><strong data-start=\"6829\" data-end=\"6840\">Bohemi:<\/strong> terracota, groc mostassa i verds org\u00e0nics combinats amb materials naturals.<\/p>\n<\/li>\n<\/ul>\n<p>[\/vc_column_text][vc_empty_space][vc_separator type=&#8221;normal&#8221;][vc_empty_space][\/vc_column][\/vc_row][vc_row css_animation=&#8221;&#8221; row_type=&#8221;row&#8221; use_row_as_full_screen_section=&#8221;no&#8221; type=&#8221;full_width&#8221; angled_section=&#8221;no&#8221; text_align=&#8221;left&#8221; background_image_as_pattern=&#8221;without_pattern&#8221;][vc_column][vc_column_text]<\/p>\n<h2>Descobrint els colors tend\u00e8ncia 2025 amb Zentrum<\/h2>\n<p>[\/vc_column_text][vc_empty_space][vc_column_text]<\/p>\n<p>El 2025 ens convida a renovar els espais amb una paleta que combina equilibri, creativitat i connexi\u00f3 amb la natura. Des dels neutres c\u00e0lids fins als colors m\u00e9s vibrants, aquestes tonalitats reflecteixen els valors de la nostra \u00e8poca.<\/p>\n<p>A Zentrum, com a estudi d\u2019interiorisme a Barcelona, entenem l\u2019impacte transformador del color i t\u2019ajudem a integrar els colors tend\u00e8ncia 2025 de manera personalitzada. A m\u00e9s, t\u2019oferim una selecci\u00f3 de mobiliari interior a Barcelona ideal per completar aquestes paletes. Contacta amb nosaltres i dona vida al teu projecte amb els colors que marcaran el 2025.<\/p>\n<p>[\/vc_column_text][vc_empty_space][vc_empty_space][\/vc_column][\/vc_row][vc_column width=&#8221;1\/2&#8243;][\/vc_column]<\/p>\n","protected":false},"excerpt":{"rendered":"<p>[vc_row css_animation=&#8221;&#8221; row_type=&#8221;row&#8221; use_row_as_full_screen_section=&#8221;no&#8221; type=&#8221;full_width&#8221; angled_section=&#8221;no&#8221; text_align=&#8221;left&#8221; background_image_as_pattern=&#8221;without_pattern&#8221;][vc_column][vc_empty_space][vc_column_text] Colors tend\u00e8ncia 2025 en disseny d\u2019interiors [\/vc_column_text][vc_empty_space][vc_column_text] El 2025 arriba amb un enfocament renovat en el disseny d\u2019interiors, on els colors tend\u00e8ncia tenen un paper clau a l\u2019hora de donar vida i personalitat als espais. M\u00e9s enll\u00e0&#8230;<\/p>\n","protected":false},"author":1,"featured_media":4802,"comment_status":"closed","ping_status":"open","sticky":false,"template":"","format":"standard","meta":{"footnotes":""},"categories":[9],"tags":[],"_links":{"self":[{"href":"https:\/\/zentrumbcn.com\/ca\/wp-json\/wp\/v2\/posts\/6901"}],"collection":[{"href":"https:\/\/zentrumbcn.com\/ca\/wp-json\/wp\/v2\/posts"}],"about":[{"href":"https:\/\/zentrumbcn.com\/ca\/wp-json\/wp\/v2\/types\/post"}],"author":[{"embeddable":true,"href":"https:\/\/zentrumbcn.com\/ca\/wp-json\/wp\/v2\/users\/1"}],"replies":[{"embeddable":true,"href":"https:\/\/zentrumbcn.com\/ca\/wp-json\/wp\/v2\/comments?post=6901"}],"version-history":[{"count":2,"href":"https:\/\/zentrumbcn.com\/ca\/wp-json\/wp\/v2\/posts\/6901\/revisions"}],"predecessor-version":[{"id":6904,"href":"https:\/\/zentrumbcn.com\/ca\/wp-json\/wp\/v2\/posts\/6901\/revisions\/6904"}],"wp:featuredmedia":[{"embeddable":true,"href":"https:\/\/zentrumbcn.com\/ca\/wp-json\/wp\/v2\/media\/4802"}],"wp:attachment":[{"href":"https:\/\/zentrumbcn.com\/ca\/wp-json\/wp\/v2\/media?parent=6901"}],"wp:term":[{"taxonomy":"category","embeddable":true,"href":"https:\/\/zentrumbcn.com\/ca\/wp-json\/wp\/v2\/categories?post=6901"},{"taxonomy":"post_tag","embeddable":true,"href":"https:\/\/zentrumbcn.com\/ca\/wp-json\/wp\/v2\/tags?post=6901"}],"curies":[{"name":"wp","href":"https:\/\/api.w.org\/{rel}","templated":true}]}}